{"id":1,"date":"2026-09-03T13:07:39","date_gmt":"2026-09-03T13:07:39","guid":{"rendered":"http:\/\/www.improvisation-appliquee.fr\/?p=1"},"modified":"2026-09-03T15:06:39","modified_gmt":"2026-09-03T15:06:39","slug":"hello-world","status":"publish","type":"post","link":"https:\/\/www.improvisation-appliquee.fr\/index.php\/2026\/09\/03\/hello-world\/","title":{"rendered":"L\u2019 Improvisation Appliqu\u00e9e (IA)"},"content":{"rendered":"\n<blockquote class=\"wp-block-quote is-layout-flow wp-block-quote-is-layout-flow\">\n<h2 class=\"wp-block-heading\">Le transfert des principes et techniques de l\u2019improvisation th\u00e9\u00e2trale vers des contextes \u00ab\u00a0hors sc\u00e8ne\u00a0\u00bb \u2013 Entreprises \u2013 Education<\/h2>\n<\/blockquote>\n\n\n\n<h3 class=\"wp-block-heading\"><mark><strong>Ce qu\u2019elle vient r\u00e9soudre en entreprise<\/strong><\/mark><\/h3>\n\n\n\n<p class=\"wp-block-paragraph\">Les organisations font face \u00e0 des d\u00e9fis : r\u00e9unions st\u00e9riles, silos entre \u00e9quipes, managers qui n\u2019\u00e9coutent pas vraiment, collaborateurs qui n\u2019osent pas prendre d\u2019initiative, r\u00e9sistance au changement.&nbsp;<\/p>\n\n\n\n<blockquote class=\"wp-block-quote is-layout-flow wp-block-quote-is-layout-flow\">\n<h6 class=\"wp-block-heading\"><em><strong>L\u2019Improvisation Appliqu\u00e9e aborde ces probl\u00e8mes de l\u2019int\u00e9rieur, en modifiant les comportements plut\u00f4t qu\u2019en transmettant des concepts.<\/strong><\/em><\/h6>\n\n\n\n<hr class=\"wp-block-separator has-alpha-channel-opacity\"\/>\n\n\n\n<h3 class=\"wp-block-heading\"><mark><strong>Les comp\u00e9tences concr\u00e8tement travaill\u00e9es<\/strong><\/mark><\/h3>\n<\/blockquote>\n\n\n\n<h4 class=\"wp-block-heading\"><mark>L\u2019\u00e9coute et la pr\u00e9sence<\/mark><\/h4>\n\n\n\n<p class=\"wp-block-paragraph\">C\u2019est sans doute la comp\u00e9tence la plus fondamentale. Les exercices forcent \u00e0 \u00eatre pleinement disponible \u00e0 ce qu\u2019il se passe \u2014 pas en train de pr\u00e9parer sa prochaine r\u00e9plique ou de v\u00e9rifier ses emails mentalement. On distingue l\u2019\u00e9coute de surface (entendre les mots) de l\u2019\u00e9coute profonde (capter l\u2019intention, l\u2019\u00e9motion, le non-dit). En entreprise, c\u2019est directement utile en r\u00e9union, en entretien, en n\u00e9gociation.<\/p>\n\n\n\n<h4 class=\"wp-block-heading\"><mark>L\u2019adaptabilit\u00e9 et la gestion de l\u2019impr\u00e9vu<\/mark><\/h4>\n\n\n\n<p class=\"wp-block-paragraph\">Savoir rebondir quand la situation change, quand un client pose une question inattendue, quand une pr\u00e9sentation d\u00e9raille. S\u2019entra\u00eener \u00e0 ne pas se figer face \u00e0 l\u2019incertitude \u2014 \u00e0 voir l\u2019inattendu comme une opportunit\u00e9 plut\u00f4t qu\u2019une menace. C\u2019est ce qu\u2019on appelle parfois le \u00ab&nbsp;oui, et\u2026&nbsp;\u00bb appliqu\u00e9 au r\u00e9el.<\/p>\n\n\n\n<h4 class=\"wp-block-heading\"><mark>La cr\u00e9ativit\u00e9 et la pens\u00e9e lat\u00e9rale<\/mark><\/h4>\n\n\n\n<p class=\"wp-block-paragraph\">Sortir des automatismes, proposer des id\u00e9es sans les censurer imm\u00e9diatement, relier des \u00e9l\u00e9ments a priori sans lien. Apprendre \u00e0 d\u00e9sactiver le filtre critique interne \u2014 celui qui dit \u00ab&nbsp;c\u2019est une id\u00e9e stupide&nbsp;\u00bb avant m\u00eame qu\u2019elle ne soit formul\u00e9e. C\u2019est directement utile dans les phases de brainstorming ou d\u2019innovation.<\/p>\n\n\n\n<h4 class=\"wp-block-heading\"><mark>La confiance en soi et la prise de risque&nbsp;<\/mark><\/h4>\n\n\n\n<p class=\"wp-block-paragraph\">Oser prendre la parole, proposer une id\u00e9e, se tromper devant les autres sans s\u2019effondrer. Cr\u00e9er un espace o\u00f9 l\u2019erreur est non seulement tol\u00e9r\u00e9e mais valoris\u00e9e \u2014 ce qui recalibre progressivement le rapport au jugement des autres. Tr\u00e8s puissant pour les personnes en retrait en g\u00e9n\u00e9ral.&nbsp;<\/p>\n\n\n\n<h4 class=\"wp-block-heading\"><mark>La collaboration et l\u2019intelligence collective<\/mark><\/h4>\n\n\n\n<p class=\"wp-block-paragraph\">Apprendre \u00e0 faire briller l\u2019autre plut\u00f4t que soi, \u00e0 construire sur les id\u00e9es de quelqu\u2019un d\u2019autre au lieu de les concurrencer, \u00e0 co-produire quelque chose qu\u2019aucun individu n\u2019aurait cr\u00e9\u00e9 seul. C\u2019est un renversement profond du r\u00e9flexe comp\u00e9titif tr\u00e8s pr\u00e9sent en entreprise.<\/p>\n\n\n\n<h4 class=\"wp-block-heading\"><mark>La communication non verbale et la pr\u00e9sence physique<\/mark><\/h4>\n\n\n\n<p class=\"wp-block-paragraph\">Le corps parle avant les mots \u2014 posture, regard, gestuelle, voix. Travailler la congruence entre ce que l\u2019on dit et comment on le dit. Un manager qui dit \u00ab&nbsp;je vous fais confiance&nbsp;\u00bb en croisant les bras transmet un message contradictoire. Ces exercices rendent ces incoh\u00e9rences visibles et peuvent les corriger.<\/p>\n\n\n\n<h4 class=\"wp-block-heading\"><mark>La gestion du stress et de la pression<\/mark><\/h4>\n\n\n\n<p class=\"wp-block-paragraph\">Agir sous le regard des autres, sans filet, dans l\u2019instant \u2014 c\u2019est un terrain d\u2019entra\u00eenement au stress en conditions r\u00e9elles mais s\u00e9curis\u00e9es. On d\u00e9veloppe une forme de tol\u00e9rance \u00e0 l\u2019inconfort et des ressources pour rester op\u00e9rationnel malgr\u00e9 la pression.<\/p>\n\n\n\n<h4 class=\"wp-block-heading\"><mark>Le leadership situationnel et la gestion du statut<\/mark><\/h4>\n\n\n\n<p class=\"wp-block-paragraph\">Chaque interaction implique des jeux de position haute et basse, conscients ou non. Travailler ces dynamiques permet aux managers de moduler leur posture \u2014 savoir quand prendre de la hauteur, quand se mettre au niveau, comment cr\u00e9er de l\u2019espace pour les autres sans perdre en autorit\u00e9.<\/p>\n\n\n\n<hr class=\"wp-block-separator has-alpha-channel-opacity\"\/>\n\n\n\n<blockquote class=\"wp-block-quote is-layout-flow wp-block-quote-is-layout-flow\">\n<h6 class=\"wp-block-heading\"><strong><em>Ce qui rend ces comp\u00e9tences particuli\u00e8res, c\u2019est qu\u2019elles ne s\u2019apprennent pas par la th\u00e9orie \u2014 elles se vivent dans le corps et par l\u2019interaction, ce qui cr\u00e9e une trace m\u00e9morielle diff\u00e9rente d\u2019un cours magistral. C\u2019est pr\u00e9cis\u00e9ment ce qui fait la valeur de l\u2019approche dans un contexte professionnel<\/em><\/strong>.<\/h6>\n\n\n\n<hr class=\"wp-block-separator has-alpha-channel-opacity\"\/>\n<\/blockquote>\n\n\n\n<h3 class=\"wp-block-heading\"><em><mark><strong>l\u2019Improvisation Appliqu\u00e9e&nbsp;inspire, \u00e9duque et engage&nbsp;<\/strong><\/mark><\/em><\/h3>\n","protected":false},"excerpt":{"rendered":"<p>Le transfert des principes et techniques de l\u2019improvisation th\u00e9\u00e2trale vers des contextes \u00ab\u00a0hors sc\u00e8ne\u00a0\u00bb \u2013 Entreprises \u2013 Education Ce qu\u2019elle vient r\u00e9soudre en entreprise Les organisations font face \u00e0 des d\u00e9fis : r\u00e9unions st\u00e9riles, silos entre \u00e9quipes, managers qui n\u2019\u00e9coutent pas vraiment, collaborateurs qui n\u2019osent pas prendre d\u2019initiative, r\u00e9sistance au changement.&nbsp; L\u2019\u00e9coute et la pr\u00e9sence &hellip; <\/p>\n<p class=\"link-more\"><a href=\"https:\/\/www.improvisation-appliquee.fr\/index.php\/2026\/09\/03\/hello-world\/\" class=\"more-link\">Continuer la lecture<span class=\"screen-reader-text\"> de &laquo;&nbsp;L\u2019 Improvisation Appliqu\u00e9e (IA)&nbsp;&raquo;<\/span><\/a><\/p>\n","protected":false},"author":1,"featured_media":0,"comment_status":"open","ping_status":"open","sticky":false,"template":"","format":"standard","meta":{"footnotes":""},"categories":[1],"tags":[],"class_list":["post-1","post","type-post","status-publish","format-standard","hentry","category-uncategorized"],"_links":{"self":[{"href":"https:\/\/www.improvisation-appliquee.fr\/index.php\/wp-json\/wp\/v2\/posts\/1","targetHints":{"allow":["GET"]}}],"collection":[{"href":"https:\/\/www.improvisation-appliquee.fr\/index.php\/wp-json\/wp\/v2\/posts"}],"about":[{"href":"https:\/\/www.improvisation-appliquee.fr\/index.php\/wp-json\/wp\/v2\/types\/post"}],"author":[{"embeddable":true,"href":"https:\/\/www.improvisation-appliquee.fr\/index.php\/wp-json\/wp\/v2\/users\/1"}],"replies":[{"embeddable":true,"href":"https:\/\/www.improvisation-appliquee.fr\/index.php\/wp-json\/wp\/v2\/comments?post=1"}],"version-history":[{"count":5,"href":"https:\/\/www.improvisation-appliquee.fr\/index.php\/wp-json\/wp\/v2\/posts\/1\/revisions"}],"predecessor-version":[{"id":17,"href":"https:\/\/www.improvisation-appliquee.fr\/index.php\/wp-json\/wp\/v2\/posts\/1\/revisions\/17"}],"wp:attachment":[{"href":"https:\/\/www.improvisation-appliquee.fr\/index.php\/wp-json\/wp\/v2\/media?parent=1"}],"wp:term":[{"taxonomy":"category","embeddable":true,"href":"https:\/\/www.improvisation-appliquee.fr\/index.php\/wp-json\/wp\/v2\/categories?post=1"},{"taxonomy":"post_tag","embeddable":true,"href":"https:\/\/www.improvisation-appliquee.fr\/index.php\/wp-json\/wp\/v2\/tags?post=1"}],"curies":[{"name":"wp","href":"https:\/\/api.w.org\/{rel}","templated":true}]}}